{"id":7065,"date":"2026-03-18T09:33:38","date_gmt":"2026-03-18T08:33:38","guid":{"rendered":"https:\/\/szczecinska.com.pl\/?p=7065"},"modified":"2026-03-18T09:33:40","modified_gmt":"2026-03-18T08:33:40","slug":"droga-krzyzowa","status":"publish","type":"post","link":"https:\/\/szczecinska.com.pl\/?p=7065","title":{"rendered":"DROGA KRZY\u017bOWA"},"content":{"rendered":"\n<p>PIELGRZYMUJ Z NAMI CA\u0141Y ROK!!!<\/p>\n\n\n\n<p>W ramach naszych comiesi\u0119cznych spotka\u0144 zapraszamy w najbli\u017cszy pi\u0105tek tj. 20.03.2026 r. na godz. 19:30 na nabo\u017ce\u0144stwo drogi krzy\u017cowej, kt\u00f3re odb\u0119dzie si\u0119 w parafii \u015aw. Krzy\u017ca na ul. H. Wieniawskiego 4 w Szczecinie.<\/p>\n\n\n\n<p>Zapraszamy do wsp\u00f3lnej modlitwy.<\/p>\n","protected":false},"excerpt":{"rendered":"<p>PIELGRZYMUJ Z NAMI CA\u0141Y ROK!!! W ramach naszych comiesi\u0119cznych spotka\u0144 zapraszamy w najbli\u017cszy pi\u0105tek tj. 20.03.2026 r. na godz. 19:30 na nabo\u017ce\u0144stwo drogi krzy\u017cowej, kt\u00f3re odb\u0119dzie si\u0119 w parafii \u015aw. Krzy\u017ca na ul. H. Wieniawskiego 4 w Szczecinie. Zapraszamy do wsp\u00f3lnej modlitwy.<\/p>\n","protected":false},"author":2,"featured_media":7064,"comment_status":"open","ping_status":"open","sticky":false,"template":"","format":"standard","meta":{"ngg_post_thumbnail":0,"footnotes":""},"categories":[10],"tags":[],"class_list":["post-7065","post","type-post","status-publish","format-standard","has-post-thumbnail","hentry","category-news"],"_links":{"self":[{"href":"https:\/\/szczecinska.com.pl\/index.php?rest_route=\/wp\/v2\/posts\/7065","targetHints":{"allow":["GET"]}}],"collection":[{"href":"https:\/\/szczecinska.com.pl\/index.php?rest_route=\/wp\/v2\/posts"}],"about":[{"href":"https:\/\/szczecinska.com.pl\/index.php?rest_route=\/wp\/v2\/types\/post"}],"author":[{"embeddable":true,"href":"https:\/\/szczecinska.com.pl\/index.php?rest_route=\/wp\/v2\/users\/2"}],"replies":[{"embeddable":true,"href":"https:\/\/szczecinska.com.pl\/index.php?rest_route=%2Fwp%2Fv2%2Fcomments&post=7065"}],"version-history":[{"count":1,"href":"https:\/\/szczecinska.com.pl\/index.php?rest_route=\/wp\/v2\/posts\/7065\/revisions"}],"predecessor-version":[{"id":7066,"href":"https:\/\/szczecinska.com.pl\/index.php?rest_route=\/wp\/v2\/posts\/7065\/revisions\/7066"}],"wp:featuredmedia":[{"embeddable":true,"href":"https:\/\/szczecinska.com.pl\/index.php?rest_route=\/wp\/v2\/media\/7064"}],"wp:attachment":[{"href":"https:\/\/szczecinska.com.pl\/index.php?rest_route=%2Fwp%2Fv2%2Fmedia&parent=7065"}],"wp:term":[{"taxonomy":"category","embeddable":true,"href":"https:\/\/szczecinska.com.pl\/index.php?rest_route=%2Fwp%2Fv2%2Fcategories&post=7065"},{"taxonomy":"post_tag","embeddable":true,"href":"https:\/\/szczecinska.com.pl\/index.php?rest_route=%2Fwp%2Fv2%2Ftags&post=7065"}],"curies":[{"name":"wp","href":"https:\/\/api.w.org\/{rel}","templated":true}]}}