{"id":7060,"date":"2025-12-12T16:43:33","date_gmt":"2025-12-12T15:43:33","guid":{"rendered":"https:\/\/szczecinska.com.pl\/?p=7060"},"modified":"2025-12-12T16:43:35","modified_gmt":"2025-12-12T15:43:35","slug":"spotkanie-oplatkowe-3","status":"publish","type":"post","link":"https:\/\/szczecinska.com.pl\/?p=7060","title":{"rendered":"SPOTKANIE OP\u0141ATKOWE"},"content":{"rendered":"\n<p>Zapraszamy ju\u017c w najbli\u017csz\u0105 sobot\u0119 na nasze coroczne spotkanie op\u0142atkowe <img loading=\"lazy\" decoding=\"async\" height=\"16\" width=\"16\" alt=\"\ud83d\ude0d\" src=\"https:\/\/static.xx.fbcdn.net\/images\/emoji.php\/v9\/t2\/1\/16\/1f60d.png\"> kt\u00f3re odb\u0119dzie si\u0119 w parafii \u015bw. Krzy\u017ca na ul. H. Wieniawskiego 4 w Szczecinie.<\/p>\n\n\n\n<p>Godz. 9:30 <a><\/a>zawi\u0105zanie wsp\u00f3lnoty<\/p>\n\n\n\n<p>Godz. 10.00 Msza \u015bwi\u0119ta<\/p>\n\n\n\n<p>Godz. 10:45 spotkanie przy stolena na kt\u00f3ry mo\u017cemy co\u015b ze sob\u0105 przynie\u015b\u0107.<\/p>\n\n\n\n<p>Mamy nadziej\u0119, \u017ce Was nie zabraknie. Do zobaczenia. <img loading=\"lazy\" decoding=\"async\" height=\"16\" width=\"16\" alt=\"\ud83d\ude0d\" src=\"https:\/\/static.xx.fbcdn.net\/images\/emoji.php\/v9\/t2\/1\/16\/1f60d.png\"><\/p>\n\n\n\n<figure class=\"wp-block-image size-full\"><img loading=\"lazy\" decoding=\"async\" width=\"1000\" height=\"750\" src=\"https:\/\/szczecinska.com.pl\/wp-content\/uploads\/2025\/12\/21627de9e7e07ceb40d00773743b7f28.jpg\" alt=\"\" class=\"wp-image-7061\" srcset=\"https:\/\/szczecinska.com.pl\/wp-content\/uploads\/2025\/12\/21627de9e7e07ceb40d00773743b7f28.jpg 1000w, https:\/\/szczecinska.com.pl\/wp-content\/uploads\/2025\/12\/21627de9e7e07ceb40d00773743b7f28-300x225.jpg 300w, https:\/\/szczecinska.com.pl\/wp-content\/uploads\/2025\/12\/21627de9e7e07ceb40d00773743b7f28-768x576.jpg 768w, https:\/\/szczecinska.com.pl\/wp-content\/uploads\/2025\/12\/21627de9e7e07ceb40d00773743b7f28-200x150.jpg 200w\" sizes=\"auto, (max-width: 1000px) 100vw, 1000px\" \/><\/figure>\n","protected":false},"excerpt":{"rendered":"<p>Zapraszamy ju\u017c w najbli\u017csz\u0105 sobot\u0119 na nasze coroczne spotkanie op\u0142atkowe kt\u00f3re odb\u0119dzie si\u0119 w parafii \u015bw. Krzy\u017ca na ul. H. Wieniawskiego 4 w Szczecinie. Godz. 9:30 zawi\u0105zanie wsp\u00f3lnoty Godz. 10.00 Msza \u015bwi\u0119ta Godz. 10:45 spotkanie przy stolena na kt\u00f3ry mo\u017cemy co\u015b ze sob\u0105 przynie\u015b\u0107. Mamy nadziej\u0119, \u017ce Was nie zabraknie. Do zobaczenia.<\/p>\n","protected":false},"author":2,"featured_media":0,"comment_status":"open","ping_status":"open","sticky":false,"template":"","format":"standard","meta":{"ngg_post_thumbnail":0,"footnotes":""},"categories":[10],"tags":[],"class_list":["post-7060","post","type-post","status-publish","format-standard","hentry","category-news"],"_links":{"self":[{"href":"https:\/\/szczecinska.com.pl\/index.php?rest_route=\/wp\/v2\/posts\/7060","targetHints":{"allow":["GET"]}}],"collection":[{"href":"https:\/\/szczecinska.com.pl\/index.php?rest_route=\/wp\/v2\/posts"}],"about":[{"href":"https:\/\/szczecinska.com.pl\/index.php?rest_route=\/wp\/v2\/types\/post"}],"author":[{"embeddable":true,"href":"https:\/\/szczecinska.com.pl\/index.php?rest_route=\/wp\/v2\/users\/2"}],"replies":[{"embeddable":true,"href":"https:\/\/szczecinska.com.pl\/index.php?rest_route=%2Fwp%2Fv2%2Fcomments&post=7060"}],"version-history":[{"count":1,"href":"https:\/\/szczecinska.com.pl\/index.php?rest_route=\/wp\/v2\/posts\/7060\/revisions"}],"predecessor-version":[{"id":7062,"href":"https:\/\/szczecinska.com.pl\/index.php?rest_route=\/wp\/v2\/posts\/7060\/revisions\/7062"}],"wp:attachment":[{"href":"https:\/\/szczecinska.com.pl\/index.php?rest_route=%2Fwp%2Fv2%2Fmedia&parent=7060"}],"wp:term":[{"taxonomy":"category","embeddable":true,"href":"https:\/\/szczecinska.com.pl\/index.php?rest_route=%2Fwp%2Fv2%2Fcategories&post=7060"},{"taxonomy":"post_tag","embeddable":true,"href":"https:\/\/szczecinska.com.pl\/index.php?rest_route=%2Fwp%2Fv2%2Ftags&post=7060"}],"curies":[{"name":"wp","href":"https:\/\/api.w.org\/{rel}","templated":true}]}}