{"id":6925,"date":"2024-06-30T21:19:18","date_gmt":"2024-06-30T19:19:18","guid":{"rendered":"https:\/\/szczecinska.com.pl\/?p=6925"},"modified":"2024-07-02T17:32:12","modified_gmt":"2024-07-02T15:32:12","slug":"szczecinska-2024","status":"publish","type":"post","link":"https:\/\/szczecinska.com.pl\/?p=6925","title":{"rendered":"SZCZECI\u0143SKA 2024"},"content":{"rendered":"\n<p>Drodzy Pielgrzymi!!!<img loading=\"lazy\" decoding=\"async\" height=\"16\" width=\"16\" alt=\"\ud83d\ude01\" src=\"https:\/\/static.xx.fbcdn.net\/images\/emoji.php\/v9\/t4f\/1\/16\/1f601.png\"><\/p>\n\n\n\n<p>Ju\u017c nied\u0142ugo wyruszymy na nasz najd\u0142u\u017cszy p\u0105tniczy szlak w Polsce kt\u00f3ry tworzy nasza pielgrzymka Szczeci\u0144ska. Wyruszamy w tym roku po raz 40. <img loading=\"lazy\" decoding=\"async\" height=\"16\" width=\"16\" src=\"https:\/\/static.xx.fbcdn.net\/images\/emoji.php\/v9\/t2\/1\/16\/1f60d.png\" alt=\"\ud83d\ude0d\"> tym razem id\u0105c pod has\u0142em &#8222;Jeste\u015bmy Ko\u015bcio\u0142em pielgrzymuj\u0105cym&#8221;. Trwaj\u0105 ju\u017c zapisy poprzez stron\u0119 internetow\u0105. Koszt pielgrzymki to 15 z\u0142 za dzie\u0144 pielgrzymowania oraz koszt 30 z\u0142 za pakiet pielgrzyma (obowi\u0105zkowy dla ka\u017cdej osoby). Mo\u017cna r\u00f3wnie\u017c podczas zapis\u00f3w zam\u00f3wi\u0107 tegoroczn\u0105 koszulk\u0119 w cenie 30 z\u0142. wi\u0119c nie zwlekajcie i nie czekajcie do ostatniej chwili. Mamy nadzieje, \u017ce spotkamy si\u0119 na naszej pielgrzymiej drodze. <\/p>\n\n\n\n<p>Do zobaczenia <img loading=\"lazy\" decoding=\"async\" height=\"16\" width=\"16\" src=\"https:\/\/static.xx.fbcdn.net\/images\/emoji.php\/v9\/t83\/1\/16\/1f60e.png\" alt=\"\ud83d\ude0e\"><\/p>\n\n\n\n<p><\/p>\n\n\n\n<p><\/p>\n\n\n\n<p><\/p>\n","protected":false},"excerpt":{"rendered":"<p>Drodzy Pielgrzymi!!! Ju\u017c nied\u0142ugo wyruszymy na nasz najd\u0142u\u017cszy p\u0105tniczy szlak w Polsce kt\u00f3ry tworzy nasza pielgrzymka Szczeci\u0144ska. Wyruszamy w tym roku po raz 40. tym razem id\u0105c pod has\u0142em &#8222;Jeste\u015bmy Ko\u015bcio\u0142em pielgrzymuj\u0105cym&#8221;. Trwaj\u0105 ju\u017c zapisy poprzez stron\u0119 internetow\u0105. Koszt pielgrzymki to 15 z\u0142 za dzie\u0144 pielgrzymowania oraz koszt 30 z\u0142 za pakiet pielgrzyma (obowi\u0105zkowy dla [&hellip;]<\/p>\n","protected":false},"author":2,"featured_media":6928,"comment_status":"open","ping_status":"open","sticky":false,"template":"","format":"standard","meta":{"ngg_post_thumbnail":0,"footnotes":""},"categories":[10],"tags":[],"class_list":["post-6925","post","type-post","status-publish","format-standard","has-post-thumbnail","hentry","category-news"],"_links":{"self":[{"href":"https:\/\/szczecinska.com.pl\/index.php?rest_route=\/wp\/v2\/posts\/6925","targetHints":{"allow":["GET"]}}],"collection":[{"href":"https:\/\/szczecinska.com.pl\/index.php?rest_route=\/wp\/v2\/posts"}],"about":[{"href":"https:\/\/szczecinska.com.pl\/index.php?rest_route=\/wp\/v2\/types\/post"}],"author":[{"embeddable":true,"href":"https:\/\/szczecinska.com.pl\/index.php?rest_route=\/wp\/v2\/users\/2"}],"replies":[{"embeddable":true,"href":"https:\/\/szczecinska.com.pl\/index.php?rest_route=%2Fwp%2Fv2%2Fcomments&post=6925"}],"version-history":[{"count":4,"href":"https:\/\/szczecinska.com.pl\/index.php?rest_route=\/wp\/v2\/posts\/6925\/revisions"}],"predecessor-version":[{"id":6941,"href":"https:\/\/szczecinska.com.pl\/index.php?rest_route=\/wp\/v2\/posts\/6925\/revisions\/6941"}],"wp:featuredmedia":[{"embeddable":true,"href":"https:\/\/szczecinska.com.pl\/index.php?rest_route=\/wp\/v2\/media\/6928"}],"wp:attachment":[{"href":"https:\/\/szczecinska.com.pl\/index.php?rest_route=%2Fwp%2Fv2%2Fmedia&parent=6925"}],"wp:term":[{"taxonomy":"category","embeddable":true,"href":"https:\/\/szczecinska.com.pl\/index.php?rest_route=%2Fwp%2Fv2%2Fcategories&post=6925"},{"taxonomy":"post_tag","embeddable":true,"href":"https:\/\/szczecinska.com.pl\/index.php?rest_route=%2Fwp%2Fv2%2Ftags&post=6925"}],"curies":[{"name":"wp","href":"https:\/\/api.w.org\/{rel}","templated":true}]}}