{"id":57,"date":"2023-06-17T01:23:45","date_gmt":"2023-06-16T23:23:45","guid":{"rendered":"http:\/\/szczecinska.com.pl\/?p=57"},"modified":"2023-07-22T13:53:16","modified_gmt":"2023-07-22T11:53:16","slug":"ludzie-szczecinskiej","status":"publish","type":"post","link":"https:\/\/szczecinska.com.pl\/?p=57","title":{"rendered":"Ludzie Szczeci\u0144skiej"},"content":{"rendered":"\n<p class=\"has-large-font-size\"><\/p>\n\n\n\n<p><\/p>\n\n\n\n<!--more-->\n\n\n\n<p class=\"has-text-align-center has-x-large-font-size\"><strong>KSI\u0118\u017bA <\/strong><\/p>\n\n\n<div class=\"wp-block-image\">\n<figure class=\"aligncenter size-large is-resized\"><img loading=\"lazy\" decoding=\"async\" src=\"https:\/\/szczecinska.com.pl\/wp-content\/uploads\/2023\/07\/DSC_0208-1-835x1024.jpg\" alt=\"\" class=\"wp-image-1636\" width=\"450\" height=\"552\" srcset=\"https:\/\/szczecinska.com.pl\/wp-content\/uploads\/2023\/07\/DSC_0208-1-835x1024.jpg 835w, https:\/\/szczecinska.com.pl\/wp-content\/uploads\/2023\/07\/DSC_0208-1-245x300.jpg 245w, https:\/\/szczecinska.com.pl\/wp-content\/uploads\/2023\/07\/DSC_0208-1-768x942.jpg 768w, https:\/\/szczecinska.com.pl\/wp-content\/uploads\/2023\/07\/DSC_0208-1-1252x1536.jpg 1252w, https:\/\/szczecinska.com.pl\/wp-content\/uploads\/2023\/07\/DSC_0208-1-1670x2048.jpg 1670w, https:\/\/szczecinska.com.pl\/wp-content\/uploads\/2023\/07\/DSC_0208-1-163x200.jpg 163w\" sizes=\"auto, (max-width: 450px) 100vw, 450px\" \/><\/figure>\n<\/div>\n\n\n<p class=\"has-text-align-center has-medium-font-size\"><strong>KS. KAROL \u0141ABENDA<br>Dyrektor pielgrzymki<\/strong><\/p>\n\n\n\n<p><\/p>\n\n\n<div class=\"wp-block-image\">\n<figure class=\"aligncenter size-large is-resized\"><img loading=\"lazy\" decoding=\"async\" src=\"https:\/\/szczecinska.com.pl\/wp-content\/uploads\/2023\/07\/DSC_0911-1-822x1024.jpg\" alt=\"\" class=\"wp-image-1637\" width=\"450\" height=\"560\" srcset=\"https:\/\/szczecinska.com.pl\/wp-content\/uploads\/2023\/07\/DSC_0911-1-822x1024.jpg 822w, https:\/\/szczecinska.com.pl\/wp-content\/uploads\/2023\/07\/DSC_0911-1-241x300.jpg 241w, https:\/\/szczecinska.com.pl\/wp-content\/uploads\/2023\/07\/DSC_0911-1-768x957.jpg 768w, https:\/\/szczecinska.com.pl\/wp-content\/uploads\/2023\/07\/DSC_0911-1-161x200.jpg 161w, https:\/\/szczecinska.com.pl\/wp-content\/uploads\/2023\/07\/DSC_0911-1.jpg 1063w\" sizes=\"auto, (max-width: 450px) 100vw, 450px\" \/><\/figure>\n<\/div>\n\n\n<p class=\"has-text-align-center has-medium-font-size\"><strong>KS. DANIEL GROCHOLEWSKI<br>wicedyrektor pielgrzymki<\/strong><br><strong>ds. logistyki i zakwaterowania<\/strong><\/p>\n\n\n\n<p><\/p>\n\n\n<div class=\"wp-block-image\">\n<figure class=\"aligncenter size-large is-resized\"><img loading=\"lazy\" decoding=\"async\" src=\"https:\/\/szczecinska.com.pl\/wp-content\/uploads\/2023\/07\/DSC_0459-1-997x1024.jpg\" alt=\"\" class=\"wp-image-1639\" width=\"449\" height=\"460\" srcset=\"https:\/\/szczecinska.com.pl\/wp-content\/uploads\/2023\/07\/DSC_0459-1-997x1024.jpg 997w, https:\/\/szczecinska.com.pl\/wp-content\/uploads\/2023\/07\/DSC_0459-1-292x300.jpg 292w, https:\/\/szczecinska.com.pl\/wp-content\/uploads\/2023\/07\/DSC_0459-1-768x789.jpg 768w, https:\/\/szczecinska.com.pl\/wp-content\/uploads\/2023\/07\/DSC_0459-1-195x200.jpg 195w, https:\/\/szczecinska.com.pl\/wp-content\/uploads\/2023\/07\/DSC_0459-1.jpg 1234w\" sizes=\"auto, (max-width: 449px) 100vw, 449px\" \/><\/figure>\n<\/div>\n\n\n<p class=\"has-text-align-center has-medium-font-size\"><strong>KS. DANIEL MAJCHRZAK<br>przewodnik grupy pielgrzymkowej<\/strong><\/p>\n\n\n\n<p><\/p>\n\n\n<div class=\"wp-block-image\">\n<figure class=\"aligncenter size-large is-resized\"><img loading=\"lazy\" decoding=\"async\" src=\"https:\/\/szczecinska.com.pl\/wp-content\/uploads\/2023\/07\/DSC_0249-1-922x1024.jpg\" alt=\"\" class=\"wp-image-1638\" width=\"450\" height=\"499\" srcset=\"https:\/\/szczecinska.com.pl\/wp-content\/uploads\/2023\/07\/DSC_0249-1-922x1024.jpg 922w, https:\/\/szczecinska.com.pl\/wp-content\/uploads\/2023\/07\/DSC_0249-1-270x300.jpg 270w, https:\/\/szczecinska.com.pl\/wp-content\/uploads\/2023\/07\/DSC_0249-1-768x853.jpg 768w, https:\/\/szczecinska.com.pl\/wp-content\/uploads\/2023\/07\/DSC_0249-1-1383x1536.jpg 1383w, https:\/\/szczecinska.com.pl\/wp-content\/uploads\/2023\/07\/DSC_0249-1-180x200.jpg 180w, https:\/\/szczecinska.com.pl\/wp-content\/uploads\/2023\/07\/DSC_0249-1.jpg 1827w\" sizes=\"auto, (max-width: 450px) 100vw, 450px\" \/><\/figure>\n<\/div>\n\n\n<p class=\"has-text-align-center has-medium-font-size\"><strong>KS. KAN. JANUSZ SZCZEPANIAK<br>ojciec duchowny pielgrzymki<\/strong><\/p>\n\n\n\n<p><\/p>\n\n\n\n<p class=\"has-text-align-center has-x-large-font-size\"><strong>OBS\u0141UGA TECHNICZNA PIELGRZYMKI<\/strong><\/p>\n\n\n\n<p><\/p>\n\n\n<div class=\"wp-block-image\">\n<figure class=\"aligncenter size-large is-resized\"><img loading=\"lazy\" decoding=\"async\" src=\"https:\/\/szczecinska.com.pl\/wp-content\/uploads\/2023\/07\/DSC_0238-683x1024.jpg\" alt=\"\" class=\"wp-image-1640\" width=\"450\" height=\"674\" srcset=\"https:\/\/szczecinska.com.pl\/wp-content\/uploads\/2023\/07\/DSC_0238-683x1024.jpg 683w, https:\/\/szczecinska.com.pl\/wp-content\/uploads\/2023\/07\/DSC_0238-200x300.jpg 200w, https:\/\/szczecinska.com.pl\/wp-content\/uploads\/2023\/07\/DSC_0238-768x1152.jpg 768w, https:\/\/szczecinska.com.pl\/wp-content\/uploads\/2023\/07\/DSC_0238-1024x1536.jpg 1024w, https:\/\/szczecinska.com.pl\/wp-content\/uploads\/2023\/07\/DSC_0238-1365x2048.jpg 1365w, https:\/\/szczecinska.com.pl\/wp-content\/uploads\/2023\/07\/DSC_0238-133x200.jpg 133w, https:\/\/szczecinska.com.pl\/wp-content\/uploads\/2023\/07\/DSC_0238-scaled.jpg 1707w\" sizes=\"auto, (max-width: 450px) 100vw, 450px\" \/><\/figure>\n<\/div>\n\n\n<p class=\"has-text-align-center has-medium-font-size\"><strong>MAGDALENA SZEL\u0104GIEWICZ<\/strong><br><strong>zapisy, media, sklepik<\/strong><\/p>\n\n\n\n<p><\/p>\n\n\n<div class=\"wp-block-image\">\n<figure class=\"aligncenter size-large is-resized\"><img loading=\"lazy\" decoding=\"async\" src=\"https:\/\/szczecinska.com.pl\/wp-content\/uploads\/2023\/07\/DSC_0935-855x1024.jpg\" alt=\"\" class=\"wp-image-1642\" width=\"451\" height=\"540\" srcset=\"https:\/\/szczecinska.com.pl\/wp-content\/uploads\/2023\/07\/DSC_0935-855x1024.jpg 855w, https:\/\/szczecinska.com.pl\/wp-content\/uploads\/2023\/07\/DSC_0935-250x300.jpg 250w, https:\/\/szczecinska.com.pl\/wp-content\/uploads\/2023\/07\/DSC_0935-768x920.jpg 768w, https:\/\/szczecinska.com.pl\/wp-content\/uploads\/2023\/07\/DSC_0935-1282x1536.jpg 1282w, https:\/\/szczecinska.com.pl\/wp-content\/uploads\/2023\/07\/DSC_0935-1709x2048.jpg 1709w, https:\/\/szczecinska.com.pl\/wp-content\/uploads\/2023\/07\/DSC_0935-167x200.jpg 167w\" sizes=\"auto, (max-width: 451px) 100vw, 451px\" \/><\/figure>\n<\/div>\n\n\n<p class=\"has-text-align-center has-medium-font-size\"><strong>TOMASZ JEZIERSKI<\/strong><br><strong>samoch\u00f3d ci\u0119\u017carowy &#8211; transport baga\u017c\u00f3w<\/strong><\/p>\n\n\n\n<p><\/p>\n\n\n<div class=\"wp-block-image\">\n<figure class=\"aligncenter size-large is-resized\"><img loading=\"lazy\" decoding=\"async\" src=\"https:\/\/szczecinska.com.pl\/wp-content\/uploads\/2023\/07\/DSC_0225-683x1024.jpg\" alt=\"\" class=\"wp-image-1641\" width=\"451\" height=\"676\" srcset=\"https:\/\/szczecinska.com.pl\/wp-content\/uploads\/2023\/07\/DSC_0225-683x1024.jpg 683w, https:\/\/szczecinska.com.pl\/wp-content\/uploads\/2023\/07\/DSC_0225-200x300.jpg 200w, https:\/\/szczecinska.com.pl\/wp-content\/uploads\/2023\/07\/DSC_0225-768x1152.jpg 768w, https:\/\/szczecinska.com.pl\/wp-content\/uploads\/2023\/07\/DSC_0225-1024x1536.jpg 1024w, https:\/\/szczecinska.com.pl\/wp-content\/uploads\/2023\/07\/DSC_0225-1365x2048.jpg 1365w, https:\/\/szczecinska.com.pl\/wp-content\/uploads\/2023\/07\/DSC_0225-133x200.jpg 133w, https:\/\/szczecinska.com.pl\/wp-content\/uploads\/2023\/07\/DSC_0225-scaled.jpg 1707w\" sizes=\"auto, (max-width: 451px) 100vw, 451px\" \/><\/figure>\n<\/div>\n\n\n<p class=\"has-text-align-center has-medium-font-size\"><strong>MARTA JEZIERSKA<br>samoch\u00f3d ci\u0119\u017carowy &#8211; transport baga\u017c\u00f3w<\/strong><\/p>\n\n\n\n<p><\/p>\n\n\n<div class=\"wp-block-image\">\n<figure class=\"aligncenter size-large is-resized\"><img loading=\"lazy\" decoding=\"async\" src=\"https:\/\/szczecinska.com.pl\/wp-content\/uploads\/2023\/07\/DSC_0770-1024x897.jpg\" alt=\"\" class=\"wp-image-1643\" width=\"450\" height=\"393\" srcset=\"https:\/\/szczecinska.com.pl\/wp-content\/uploads\/2023\/07\/DSC_0770-1024x897.jpg 1024w, https:\/\/szczecinska.com.pl\/wp-content\/uploads\/2023\/07\/DSC_0770-300x263.jpg 300w, https:\/\/szczecinska.com.pl\/wp-content\/uploads\/2023\/07\/DSC_0770-768x673.jpg 768w, https:\/\/szczecinska.com.pl\/wp-content\/uploads\/2023\/07\/DSC_0770-1536x1346.jpg 1536w, https:\/\/szczecinska.com.pl\/wp-content\/uploads\/2023\/07\/DSC_0770-2048x1795.jpg 2048w, https:\/\/szczecinska.com.pl\/wp-content\/uploads\/2023\/07\/DSC_0770-200x175.jpg 200w\" sizes=\"auto, (max-width: 450px) 100vw, 450px\" \/><\/figure>\n<\/div>\n\n\n<p class=\"has-text-align-center has-medium-font-size\"><strong>WOJCIECH \u0141ABENDA<\/strong><br><strong>kierowca sanitarki<\/strong><\/p>\n\n\n\n<p class=\"has-text-align-center has-x-large-font-size\"><strong>PORZ\u0104DKOWI<\/strong><\/p>\n\n\n<div class=\"wp-block-image\">\n<figure class=\"aligncenter size-large is-resized\"><img loading=\"lazy\" decoding=\"async\" src=\"https:\/\/szczecinska.com.pl\/wp-content\/uploads\/2023\/07\/DSC_0241-1024x748.jpg\" alt=\"\" class=\"wp-image-1644\" width=\"452\" height=\"329\" srcset=\"https:\/\/szczecinska.com.pl\/wp-content\/uploads\/2023\/07\/DSC_0241-1024x748.jpg 1024w, https:\/\/szczecinska.com.pl\/wp-content\/uploads\/2023\/07\/DSC_0241-300x219.jpg 300w, https:\/\/szczecinska.com.pl\/wp-content\/uploads\/2023\/07\/DSC_0241-768x561.jpg 768w, https:\/\/szczecinska.com.pl\/wp-content\/uploads\/2023\/07\/DSC_0241-1536x1122.jpg 1536w, https:\/\/szczecinska.com.pl\/wp-content\/uploads\/2023\/07\/DSC_0241-2048x1495.jpg 2048w, https:\/\/szczecinska.com.pl\/wp-content\/uploads\/2023\/07\/DSC_0241-200x146.jpg 200w\" sizes=\"auto, (max-width: 452px) 100vw, 452px\" \/><\/figure>\n<\/div>\n\n\n<p class=\"has-text-align-center has-medium-font-size\"><strong>DOROTA BURZY\u0143SKA<\/strong><\/p>\n\n\n\n<p class=\"has-text-align-center has-x-large-font-size\"><strong>MUZYCZNI<\/strong><\/p>\n","protected":false},"excerpt":{"rendered":"","protected":false},"author":1,"featured_media":0,"comment_status":"open","ping_status":"open","sticky":false,"template":"","format":"standard","meta":{"ngg_post_thumbnail":0,"footnotes":""},"categories":[11],"tags":[],"class_list":["post-57","post","type-post","status-publish","format-standard","hentry","category-know-how"],"_links":{"self":[{"href":"https:\/\/szczecinska.com.pl\/index.php?rest_route=\/wp\/v2\/posts\/57","targetHints":{"allow":["GET"]}}],"collection":[{"href":"https:\/\/szczecinska.com.pl\/index.php?rest_route=\/wp\/v2\/posts"}],"about":[{"href":"https:\/\/szczecinska.com.pl\/index.php?rest_route=\/wp\/v2\/types\/post"}],"author":[{"embeddable":true,"href":"https:\/\/szczecinska.com.pl\/index.php?rest_route=\/wp\/v2\/users\/1"}],"replies":[{"embeddable":true,"href":"https:\/\/szczecinska.com.pl\/index.php?rest_route=%2Fwp%2Fv2%2Fcomments&post=57"}],"version-history":[{"count":13,"href":"https:\/\/szczecinska.com.pl\/index.php?rest_route=\/wp\/v2\/posts\/57\/revisions"}],"predecessor-version":[{"id":1652,"href":"https:\/\/szczecinska.com.pl\/index.php?rest_route=\/wp\/v2\/posts\/57\/revisions\/1652"}],"wp:attachment":[{"href":"https:\/\/szczecinska.com.pl\/index.php?rest_route=%2Fwp%2Fv2%2Fmedia&parent=57"}],"wp:term":[{"taxonomy":"category","embeddable":true,"href":"https:\/\/szczecinska.com.pl\/index.php?rest_route=%2Fwp%2Fv2%2Fcategories&post=57"},{"taxonomy":"post_tag","embeddable":true,"href":"https:\/\/szczecinska.com.pl\/index.php?rest_route=%2Fwp%2Fv2%2Ftags&post=57"}],"curies":[{"name":"wp","href":"https:\/\/api.w.org\/{rel}","templated":true}]}}