{"id":1595,"date":"2023-06-10T00:30:34","date_gmt":"2023-06-09T22:30:34","guid":{"rendered":"https:\/\/szczecinska.com.pl\/?p=1595"},"modified":"2023-07-07T11:11:34","modified_gmt":"2023-07-07T09:11:34","slug":"funkcyjni-na-szczecinskiej","status":"publish","type":"post","link":"https:\/\/szczecinska.com.pl\/?p=1595","title":{"rendered":"Funkcyjni na Szczeci\u0144skiej"},"content":{"rendered":"\n<p>W tym dziale znajdziesz informacje o osobach, kt\u00f3re pe\u0142ni\u0105 r\u00f3\u017cne funkcje na pielgrzymim szlaku w kt\u00f3re i Ty mo\u017cesz si\u0119 wpisa\u0107&#8230;<\/p>\n\n\n\n<!--more-->\n\n\n\n<h2 class=\"wp-block-heading\">Nasza pielgrzymka nie mog\u0142aby funkcjonowa\u0107 bez os\u00f3b, kt\u00f3re, podczas drogi, pomagaj\u0105 pielgrzymom w przer\u00f3\u017cny spos\u00f3b. Je\u017celi chcesz mie\u0107 sw\u00f3j udzia\u0142 w organizacji pielgrzymki zg\u0142o\u015b ch\u0119\u0107 pomocy \ud83d\ude42<\/h2>\n\n\n\n<p>&nbsp;&nbsp;<strong>Najbardziej widzialn\u0105 (i s\u0142yszaln\u0105 ;)) grup\u0105 s\u0105 Pie\u015bniarki Ludowe (i pie\u015bniarze oczywi\u015bcie) \ud83d\ude42<\/strong><\/p>\n\n\n\n<p>&nbsp;&nbsp;To oni od samego rana dbaj\u0105 o nasze dobre humory. Graj\u0105, \u015bpiewaj\u0105, opowiadaj\u0105, prowadz\u0105 modlitwy. S\u0105 jak nasze osobiste Radio \u2013 najlepsze w swoim rodzaju!! Nasi \u2018muzyczni\u2019 s\u0105 niezast\u0105pieni bez wzgl\u0119du na por\u0119 dnia i pogod\u0119. Rozbudzaj\u0105 bladym \u015bwitem oraz przekazuj\u0105 pozytywn\u0105 Bo\u017c\u0105 energi\u0119 w czasie upa\u0142\u00f3w i letnich deszczyk\u00f3w \ud83d\ude42<\/p>\n\n\n\n<p><em>Kochasz gra\u0107, \u015bpiewa\u0107, a mo\u017ce masz zami\u0142owanie do dziennikarstwa lub kabaretu \u2013 do\u0142\u0105cz do nich!!<\/em><\/p>\n\n\n\n<p>&nbsp;<strong>&nbsp;Kolejn\u0105 grup\u0105 s\u0105 Porz\u0105dkowi.<\/strong>&nbsp;<\/p>\n\n\n\n<p>&nbsp;&nbsp;Poznacie ich po pomara\u0144czowych kamizelkach i \u2018lizakach\u2019 \ud83d\ude09 Porz\u0105dkowi dbaj\u0105 o to, by\u015bmy bezpiecznie doszli na Jasn\u0105 G\u00f3r\u0119. Pilnuj\u0105, by pielgrzymi tworzyli r\u00f3wn\u0105 kolumn\u0119, dlatego, gdy us\u0142yszysz blisko siebie \u2018\u0141\u0104\u0104\u0104CZYMY\u2019, to znaczy, \u017ce jeste\u015b za daleko od grupy \ud83d\ude42<\/p>\n\n\n\n<p>Ogarniaj\u0105 kierowc\u00f3w nas mijaj\u0105cych, dlatego niezwykle wa\u017cne, by\u015bmy ich s\u0142uchali.<\/p>\n\n\n\n<p><strong>Niezb\u0119dnymi pielgrzymami w grupie s\u0105 tzw. Medyczni \ud83d\ude42<\/strong><\/p>\n\n\n\n<p>Medyczni dbaj\u0105 o to, by nasze stopy donios\u0142y nas do celu pielgrzymowania \ud83d\ude09 W ka\u017cdej chwili s\u0142u\u017c\u0105 pomoc\u0105 zar\u00f3wno podczas drogi, jak i wieczorami, po doj\u015bciu do miejscowo\u015bci, w kt\u00f3rej \u015bpimy. Codziennie przek\u0142uwaj\u0105 b\u0105belki, smaruj\u0105 ma\u015bciami, banda\u017cuj\u0105. By mia\u0142y mniej pracy \u2013 chro\u0144my nasze g\u0142owy przed s\u0142o\u0144cem i pijmy du\u017co wody \ud83d\ude42<\/p>\n\n\n\n<p><em>Mo\u017ce jeste\u015b studentem medycyny, piel\u0119gniark\u0105, znasz si\u0119 \u2018na rzeczy\u2019 \u2013 zg\u0142o\u015b si\u0119 \u2013 Medycznych nigdy zbyt wielu \ud83d\ude09<\/em><\/p>\n\n\n\n<p><strong>Pielgrzymami, kt\u00f3rych zauwa\u017camy bardziej po ich codziennej ci\u0119\u017ckiej pracy s\u0105 Baga\u017cowi.<\/strong><\/p>\n\n\n\n<p>Codziennie rano pakuj\u0105 wszystkie baga\u017ce do samochodu, a wieczorem wy\u0142adowuj\u0105 je w miejscowo\u015bci docelowej. Dzi\u0119ki sile mi\u0119\u015bni naszych braci \u2013 plecaki czekaj\u0105 na strudzonych pielgrzym\u00f3w zawsze pi\u0119knie poustawiane, tak, by ka\u017cdy jak najszybciej m\u00f3g\u0142 uda\u0107 si\u0119 na nocleg.<\/p>\n\n\n\n<p>Baga\u017cowi ka\u017cdego dnia \u2018przerzucaj\u0105\u2019 sporo kilogram\u00f3w, dlatego w imi\u0119 mi\u0142o\u015bci braterskiej \u2013 przeczytajmy uwa\u017cnie co nale\u017cy spakowa\u0107 do plecaka i we\u017amy to, co naprawd\u0119 niezb\u0119dne \ud83d\ude09<\/p>\n\n\n\n<p><em>Je\u017celi zastanawiasz si\u0119 czy p\u00f3j\u015b\u0107 na pielgrzymk\u0119, czy zosta\u0107 w domu, by chodzi\u0107 na si\u0142owni\u0119 \u2013 po\u0142\u0105cz to \ud83d\ude09<\/em><\/p>\n\n\n\n<p><strong>Innym sposobem na \u0107wiczenie umi\u0119\u015bnienia jest funkcja Tubowego&nbsp;<\/strong><\/p>\n\n\n\n<p>By\u015bmy podczas drogi mogli raczy\u0107 si\u0119 anielskimi g\u0142osami Pie\u015bniarzy Ludowych, po ka\u017cdym postoju kto\u015b inny zak\u0142ada \u2018plecaczek z g\u0142o\u015bnikiem\u2019 \ud83d\ude42 A \u017ce odcink\u00f3w do Cz\u0119stochowy jest ca\u0142kiem sporo, wi\u0119c wszyscy ch\u0119tni zd\u0105\u017c\u0105 si\u0119 wykaza\u0107 \ud83d\ude09<\/p>\n\n\n\n<p>Wbrew pozorom \u00f3w \u2018plecaczek\u2019 (bo pusty w \u015brodku) wcale nie jest tak ci\u0119\u017cki, jakby si\u0119 mog\u0142o wydawa\u0107, a niekt\u00f3re siostry pielgrzymkowe wol\u0105 nosi\u0107 nag\u0142o\u015bnienie, ni\u017c sw\u00f3j w\u0142asny plecak \ud83d\ude09<em>dlatego zg\u0142aszaj si\u0119 bez kr\u0119pacji \ud83d\ude42<\/em><\/p>\n\n\n\n<p><strong>\u201eChor\u0105\u017cy zawsze zd\u0105\u017cy\u201d<\/strong><\/p>\n\n\n\n<p>To kolejna s\u0142u\u017cba w kt\u00f3r\u0105 zaanga\u017cowa\u0107 mo\u017ce si\u0119 ka\u017cdy z nas. Dzi\u0119ki symbolom niesionym z przodu grupy mijaj\u0105cy nas ludzie widz\u0105 kim jeste\u015bmy. Nam, pielgrzymom, wskazuj\u0105 kierunek marszu, miejsce postoju, zbi\u00f3rki, dlatego tak wa\u017cne, \u017ceby na pielgrzymce \u2018Chor\u0105\u017cy naprawd\u0119 zd\u0105\u017cy\u0142\u2019 \ud83d\ude09<\/p>\n\n\n\n<p>Jest tylko jeden spos\u00f3b, by m\u00f3c prowadzi\u0107 grup\u0119 \u2013 po postoju zg\u0142o\u015b ch\u0119\u0107 niesienia kt\u00f3rego\u015b z naszych \u2018znak\u00f3w\u2019. To odpowiedzialne, ale daj\u0105ce du\u017co satysfakcji zadanie \ud83d\ude42<\/p>\n\n\n\n<p><strong>Nie mo\u017cna tutaj nie wspomnie\u0107 r\u00f3wnie\u017c o braciach Kierowcach i siostrze Bufetowej \ud83d\ude42<\/strong><\/p>\n\n\n\n<p>Podczas ka\u017cdego postoju spragnieni pielgrzymi ustawiaj\u0105 si\u0119 w czasami do\u015b\u0107 spor\u0105 kolejk\u0119, by zakupi\u0107 ch\u0142odny nap\u00f3j, lub c\u00f3\u017c po\u017cywiaj\u0105cego. Je\u015bli nie wiesz dlaczego bardzo popularnym artyku\u0142em w naszym sklepiku s\u0105 podpaski \u2013 do\u0142\u0105cz do nas i przekonaj si\u0119 sam \ud83d\ude09<\/p>\n\n\n\n<p>Bracia Kierowcy dbaj\u0105 o to, by baga\u017ce bezpiecznie dociera\u0142y do kolejnych miejscowo\u015bci. Wspieraj\u0105 nas tak\u017ce podczas drogi, transportuj\u0105c sklepik, ratuj\u0105c w nag\u0142ych sytuacjach, oraz pomagaj\u0105c, gdy kto\u015b zaniemo\u017ce \ud83d\ude09<\/p>\n\n\n\n<p><strong>Pielgrzymami, kt\u00f3rych efekty pracy szybciej zauwa\u017caj\u0105 nasi bliscy pozostaj\u0105cy w domach, s\u0105 tzw. Medialni.<\/strong><\/p>\n\n\n\n<p>To dzi\u0119ki nim nasze rodziny i przyjaciele mog\u0105 by\u0107 z nami na bie\u017c\u0105co, a my po powrocie mo\u017cemy powspomina\u0107 ten niezapomniany czas. I w tym roku planowane s\u0105 ca\u0142odzienne relacje na stronie internetowej i facebooku, dlatego pakujcie plecaki i ruszajcie z nami, a w domu zostawcie adres www, by najbli\u017csi mogli pielgrzymowa\u0107 z Wami duchowo \ud83d\ude09<\/p>\n\n\n\n<p><em>Je\u017celi Twoj\u0105 pasj\u0105 jest fotografia, filmowanie, reporta\u017ce \u2013 sprawd\u017a si\u0119 \ud83d\ude42<\/em><\/p>\n\n\n\n<p><strong>Nasz nieoceniony \u2018szukaj\u0105cy\u2019 \ud83d\ude09<\/strong><\/p>\n\n\n\n<p>Mowa tu oczywi\u015bcie o Kwatermistrzu, kt\u00f3rym jest zawsze jeden z braci kleryk\u00f3w. To specyficzna s\u0142u\u017cba dla pielgrzymki, bo troch\u0119 z dala od pielgrzymki \ud83d\ude09 Ka\u017cdego dnia udaje si\u0119 on do miejscowo\u015bci docelowej i tam, pukaj\u0105c od domu do domu, szuka dla nas noclegu. \u2018Uzbrojony\u2019 w cierpliwo\u015b\u0107, u\u015bmiech, \u2018oczy kota ze Shreka\u2019 i mi\u0142o\u015b\u0107 do bli\u017aniego \u2013 nasz Kwatermistrz NIGDY nie zostawi pielgrzyma bez noclegu. W swoim magicznym zeszyciku zapisanych ma mn\u00f3stwo adres\u00f3w gospodarzy o dobrym sercu.<\/p>\n\n\n\n<p>Pami\u0119tajmy w modlitwach o naszym bracie, gdy\u017c mimo, i\u017c jego s\u0142u\u017cba nie jest mo\u017ce spektakularna, to zdecydowanie niezb\u0119dna \ud83d\ude42<\/p>\n\n\n\n<p><em>opr. Anna Marysia Samuela Kaczmarek-Pa\u015bko<\/em><\/p>\n","protected":false},"excerpt":{"rendered":"<p>W tym dziale znajdziesz informacje o osobach, kt\u00f3re pe\u0142ni\u0105 r\u00f3\u017cne funkcje na pielgrzymim szlaku w kt\u00f3re i Ty mo\u017cesz si\u0119 wpisa\u0107&#8230;<\/p>\n","protected":false},"author":2,"featured_media":0,"comment_status":"open","ping_status":"open","sticky":false,"template":"","format":"standard","meta":{"ngg_post_thumbnail":0,"footnotes":""},"categories":[12],"tags":[],"class_list":["post-1595","post","type-post","status-publish","format-standard","hentry","category-abc-pielgrzyma"],"_links":{"self":[{"href":"https:\/\/szczecinska.com.pl\/index.php?rest_route=\/wp\/v2\/posts\/1595","targetHints":{"allow":["GET"]}}],"collection":[{"href":"https:\/\/szczecinska.com.pl\/index.php?rest_route=\/wp\/v2\/posts"}],"about":[{"href":"https:\/\/szczecinska.com.pl\/index.php?rest_route=\/wp\/v2\/types\/post"}],"author":[{"embeddable":true,"href":"https:\/\/szczecinska.com.pl\/index.php?rest_route=\/wp\/v2\/users\/2"}],"replies":[{"embeddable":true,"href":"https:\/\/szczecinska.com.pl\/index.php?rest_route=%2Fwp%2Fv2%2Fcomments&post=1595"}],"version-history":[{"count":1,"href":"https:\/\/szczecinska.com.pl\/index.php?rest_route=\/wp\/v2\/posts\/1595\/revisions"}],"predecessor-version":[{"id":1596,"href":"https:\/\/szczecinska.com.pl\/index.php?rest_route=\/wp\/v2\/posts\/1595\/revisions\/1596"}],"wp:attachment":[{"href":"https:\/\/szczecinska.com.pl\/index.php?rest_route=%2Fwp%2Fv2%2Fmedia&parent=1595"}],"wp:term":[{"taxonomy":"category","embeddable":true,"href":"https:\/\/szczecinska.com.pl\/index.php?rest_route=%2Fwp%2Fv2%2Fcategories&post=1595"},{"taxonomy":"post_tag","embeddable":true,"href":"https:\/\/szczecinska.com.pl\/index.php?rest_route=%2Fwp%2Fv2%2Ftags&post=1595"}],"curies":[{"name":"wp","href":"https:\/\/api.w.org\/{rel}","templated":true}]}}