{"id":1593,"date":"2023-06-11T00:27:56","date_gmt":"2023-06-10T22:27:56","guid":{"rendered":"https:\/\/szczecinska.com.pl\/?p=1593"},"modified":"2023-07-07T11:11:07","modified_gmt":"2023-07-07T09:11:07","slug":"intencja-to-jest-to-co-pielgrzyma-trzyma","status":"publish","type":"post","link":"https:\/\/szczecinska.com.pl\/?p=1593","title":{"rendered":"Intencja &#8211; to jest to, co pielgrzyma trzyma"},"content":{"rendered":"\n<p>W tym dziale dowiesz si\u0119 jaki jest sens pielgrzymowania&#8230;<\/p>\n\n\n\n<!--more-->\n\n\n\n<p><strong>Drogi pretendencie do pielgrzymowania! \ud83d\ude42<\/strong><\/p>\n\n\n\n<p>Wiesz ju\u017c co spakowa\u0107 na drog\u0119 p\u0105tnicz\u0105, jakie s\u0142u\u017cby b\u0119d\u0105 Ci towarzyszy\u0142y i wspiera\u0142y w trudnych chwilach, zapozna\u0142e\u015b si\u0119 z zacnymi facjatami wa\u017cniejszych osobisto\u015bci SzPPnJG, ale to jeszcze nie wszystko! Ka\u017cdy do\u015bwiadczony pielgrzym, potwierdzi, s\u0142owa, \u017ce modlitwa to bro\u0144 pielgrzyma, ale INTENCJA \u2013 TO JEST TO, CO PIELGRZYMA TRZYMA!! Proponuj\u0119 zatem, aby\u015b zastanowi\u0142 si\u0119 jakie sprawy swojego \u017cycia chcia\u0142by\u015b odda\u0107 Panu Bogu w tej drodze, po\u015bwi\u0119caj\u0105c i ofiaruj\u0105c sw\u00f3j trud, zm\u0119czenie, ale tak\u017ce rado\u015bci i uwielbienie \ud83d\ude42<\/p>\n\n\n\n<p>Pan B\u00f3g nie jest wr\u00f3\u017ck\u0105 \u2013 wi\u0119c nie pytaj, czy jakie\u015b intencje si\u0119 \u201espe\u0142ni\u0142y\u201d. Ba, jest miliard razy lepiej! Wielu z nas (w tym ja) mog\u0119 podpisa\u0107 si\u0119 pod ogromn\u0105 moc\u0105 modlitwy pielgrzymkowej. Jej efekty widoczne s\u0105 ca\u0142y rok. St\u0105d ryzyko uzale\u017cnienia si\u0119 od Szczeci\u0144skiej \u2013 ostrzegam!<\/p>\n\n\n\n<p>Sta\u0142ym rytua\u0142em w grupach jest zbieranie intencji przed r\u00f3\u017ca\u0144cem. Pielgrzymi zawsze s\u0105 wcze\u015bniej informowani, by mogli spisa\u0107 sobie intencj\u0119 na dany dzie\u0144. S\u0105 te\u017c tacy, kt\u00f3rzy maj\u0105 ju\u017c je przygotowane (wydrukowane). Inni za\u015b, zapisuj\u0105 na swoich intencjach literk\u0119 \u201eS\u201d jak \u2018sta\u0142a\u2019 \u2013 taka intencja jest odczytywana raz albo dwa, a p\u00f3\u017aniej dodajemy \u201ewe wszystkich sta\u0142ych intencjach\u201d. Bez obaw, Pan B\u00f3g ma \u015bwietn\u0105 pami\u0119\u0107!:) Z r\u00f3\u017cnych powod\u00f3w pielgrzymi nie chc\u0105 \u201enazywa\u0107\u201d swojej intencji, ale chcieliby, aby by\u0142a ona uwzgl\u0119dniona w modlitwie. Na to r\u00f3wnie\u017c mamy spos\u00f3b! Wystarczy napisa\u0107 \u201ew pewnej intencji\u201d albo \u201ew intencji Bogu wiadomej\u201d. Bardzo cz\u0119sto modlimy si\u0119 r\u00f3wnie\u017c we wszystkich niewypowiedzianych intencjach, kt\u00f3re s\u0105 w naszych sercach \u2013 a kto, jak nie Pan B\u00f3g lepiej je zna?!:)<\/p>\n\n\n\n<p>G\u0142\u00f3wn\u0105 intencj\u0105 Szczeci\u0144skiej jest modlitwa o liczne i \u015bwi\u0119te powo\u0142ania kap\u0142a\u0144skie i zakonne dla naszej Archidiecezji Szczeci\u0144sko-Kamie\u0144skiej. Tak si\u0119 sk\u0142ada, \u017ce te wymodlone dusze, b\u0119d\u0105 towarzyszy\u0142y nam w drodze na Jasn\u0105 G\u00f3r\u0119. B\u0119d\u0105 to oczywi\u015bcie klerycy, kt\u00f3rzy z ogromn\u0105 rado\u015bci\u0105 podejmuj\u0105 prowadzenie modlitw.<\/p>\n\n\n\n<p>Przed r\u00f3\u017ca\u0144cem &#8222;siostra beretkowa&#8221; bardzo zwinnie ogarnia ca\u0142\u0105 grup\u0119 zbieraj\u0105c intencje od braci i si\u00f3str pielgrzymkowych, a nast\u0119pnie pomaga w odczytywaniu ich. Siostra beretkowa zatrudniona jest na umow\u0119 zlecenie, i jej odwieczn\u0105 intencj\u0105 jest (w ko\u0144cu!) przej\u015bcie na umow\u0119 o prac\u0119! Wszak lata lec\u0105 a z emerytury nici! Mo\u017cecie r\u00f3wnie\u017c wesprze\u0107 j\u0105 modlitw\u0105!:)<\/p>\n\n\n\n<p>Gor\u0105co zach\u0119cam wszystkich!<\/p>\n\n\n\n<p><em>Marysia Stachula<\/em><\/p>\n","protected":false},"excerpt":{"rendered":"<p>W tym dziale dowiesz si\u0119 jaki jest sens pielgrzymowania&#8230;<\/p>\n","protected":false},"author":2,"featured_media":0,"comment_status":"open","ping_status":"open","sticky":false,"template":"","format":"standard","meta":{"ngg_post_thumbnail":0,"footnotes":""},"categories":[12],"tags":[],"class_list":["post-1593","post","type-post","status-publish","format-standard","hentry","category-abc-pielgrzyma"],"_links":{"self":[{"href":"https:\/\/szczecinska.com.pl\/index.php?rest_route=\/wp\/v2\/posts\/1593","targetHints":{"allow":["GET"]}}],"collection":[{"href":"https:\/\/szczecinska.com.pl\/index.php?rest_route=\/wp\/v2\/posts"}],"about":[{"href":"https:\/\/szczecinska.com.pl\/index.php?rest_route=\/wp\/v2\/types\/post"}],"author":[{"embeddable":true,"href":"https:\/\/szczecinska.com.pl\/index.php?rest_route=\/wp\/v2\/users\/2"}],"replies":[{"embeddable":true,"href":"https:\/\/szczecinska.com.pl\/index.php?rest_route=%2Fwp%2Fv2%2Fcomments&post=1593"}],"version-history":[{"count":1,"href":"https:\/\/szczecinska.com.pl\/index.php?rest_route=\/wp\/v2\/posts\/1593\/revisions"}],"predecessor-version":[{"id":1594,"href":"https:\/\/szczecinska.com.pl\/index.php?rest_route=\/wp\/v2\/posts\/1593\/revisions\/1594"}],"wp:attachment":[{"href":"https:\/\/szczecinska.com.pl\/index.php?rest_route=%2Fwp%2Fv2%2Fmedia&parent=1593"}],"wp:term":[{"taxonomy":"category","embeddable":true,"href":"https:\/\/szczecinska.com.pl\/index.php?rest_route=%2Fwp%2Fv2%2Fcategories&post=1593"},{"taxonomy":"post_tag","embeddable":true,"href":"https:\/\/szczecinska.com.pl\/index.php?rest_route=%2Fwp%2Fv2%2Ftags&post=1593"}],"curies":[{"name":"wp","href":"https:\/\/api.w.org\/{rel}","templated":true}]}}