{"id":1590,"date":"2023-06-12T00:24:38","date_gmt":"2023-06-11T22:24:38","guid":{"rendered":"https:\/\/szczecinska.com.pl\/?p=1590"},"modified":"2023-07-07T11:10:49","modified_gmt":"2023-07-07T09:10:49","slug":"noclegi-na-pielgrzymce","status":"publish","type":"post","link":"https:\/\/szczecinska.com.pl\/?p=1590","title":{"rendered":"Noclegi na pielgrzymce"},"content":{"rendered":"\n<p>W tym dziale znajdziesz informacj\u0119 o noclegach na pielgrzymim szlaku&#8230;<\/p>\n\n\n\n<!--more-->\n\n\n\n<p>Cz\u0119sto m\u00f3wi\u0119, \u017ce pielgrzymka jest cudownym czasem, bo odrywamy si\u0119 na niej od wielu spraw, obowi\u0105zk\u00f3w i zmartwie\u0144.&nbsp; Jednak ka\u017cdemu pielgrzymowi dochodz\u0105cemu do celu dnia towarzysz\u0105 trzy g\u0142\u00f3wne problemy :<\/p>\n\n\n\n<p><em>&#8211; Czy b\u0119d\u0119 mia\u0142 co je\u015b\u0107?<\/em><\/p>\n\n\n\n<p><em>&#8211; Czy b\u0119d\u0119 mia\u0142 gdzie si\u0119 umy\u0107?<\/em><\/p>\n\n\n\n<p><em>&#8211; Czy b\u0119d\u0119 mia\u0142 gdzie spa\u0107?<\/em><\/p>\n\n\n\n<p>&nbsp;&nbsp;Niekt\u00f3rzy m\u00f3wi\u0105, \u017ce \u201eszczeci\u0144ska\u201d pod wzgl\u0119dem nocleg\u00f3w jest luksusow\u0105 pielgrzymk\u0105, poniewa\u017c nie musimy spa\u0107 w namiotach, stodo\u0142ach i w innych ekstremalnych warunkach. O to aby\u015bmy mieli noclegi troszczy si\u0119 Kwatermistrz, kt\u00f3ry w ci\u0105gu dnia kiedy my idziemy puka do drzwi dom\u00f3w w miejscowo\u015bci w kt\u00f3rej \u015bpimy. Je\u015bli nie uda si\u0119 zdoby\u0107 wystarczaj\u0105co du\u017co miejsc noclegowych w domach i cz\u0119\u015b\u0107 pielgrzym\u00f3w zostaje bez gospodarzy, kwatermistrz za\u0142atwia miejsce do spania na tak zwanej \u201ezbior\u00f3wce\u201d czyli np. w szkole, na sali gimnastycznej, w remizie itd. Tam te\u017c zawsze jest \u017ar\u00f3d\u0142o wody, w kt\u00f3rej mo\u017cna si\u0119 umy\u0107 a jedzenie wtedy albo jest zapewnione albo trzeba wybra\u0107 si\u0119 do miejscowego sklepu ale te\u017c mo\u017ce si\u0119 zdarzy\u0107, \u017ce jaki\u015b dobry brat lub dobra siostra przynios\u0105 nam co\u015b od swoich gospodarzy \ud83d\ude42 &nbsp; &nbsp; &nbsp; &nbsp; &nbsp; &nbsp; &nbsp; &nbsp;<\/p>\n\n\n\n<p>&nbsp;&nbsp;Cz\u0119sto trafiam na gospodarzy, z kt\u00f3rymi&nbsp; rozmawiamy do p\u00f3\u017anych godzin nocnych. Czasem zm\u0119czenie na to niestety nie pozwala i ku wielkim ch\u0119ciom dalszej rozmowy trzeba i\u015b\u0107 spa\u0107, by mie\u0107 si\u0142\u0119 na kolejny dzie\u0144. Domownicy, kt\u00f3rzy nas przyjmuj\u0105 bardzo cz\u0119sto robi\u0105 to najlepiej jak tylko mog\u0105, poczynaj\u0105c na pysznym posi\u0142ku przez super deser a\u017c do wygodnego \u0142\u00f3\u017ceczka ( bywa,\u017ce jest lepiej ni\u017c w domu :)). Cz\u0119sto mo\u017cna liczy\u0107 na zrobienie szybkiego prania , co w trakcie drogi jest potrzebne i wr\u0119cz zbawienne ;).<\/p>\n\n\n\n<p>&nbsp;&nbsp;Pan B\u00f3g troszczy si\u0119 o nas w ka\u017cdym momencie, kt\u00f3rego\u015b razu w trakcie trasy zepsu\u0142 mi si\u0119 z\u0105b i by\u0142am tym troch\u0119 za\u0142amana, bo gdzie ja teraz w trakcie pielgrzymki znajd\u0119 dentyst\u0119 i w og\u00f3le kiedy b\u0119d\u0119 mia\u0142a czas go znale\u017a\u0107? D\u0142ugo nie musia\u0142am si\u0119 martwi\u0107, bo na drugi dzie\u0144 trafi\u0142am na nocleg do rodziny w kt\u00f3rej ma\u0142\u017conkowie byli dentystami i tak oto Karolinka trafi\u0142a na fotel dentystyczny u swojego gospodarza \ud83d\ude42 Pierwszy raz co\u015b takiego mi si\u0119 wydarzy\u0142o, ale bardzo dobrze wspominam to wydarzenie \ud83d\ude42 Innym razem trafi\u0142am na nocleg , gdzie gospodarze mieli c\u00f3rk\u0119 w moim wieku, od razu si\u0119 polubi\u0142y\u015bmy i na drugi dzie\u0144 Monika wyruszy\u0142a z nami na tras\u0119 pielgrzymkow\u0105. Mam kilka sta\u0142ych nocleg\u00f3w, ju\u017c nie mog\u0119 si\u0119 doczeka\u0107 kiedy tam b\u0119d\u0119 i spotkam si\u0119 z domownikami. Niby jest to jeden wiecz\u00f3r, jedna noc i jeden poranek sp\u0119dzony w ich domach ale w ci\u0105gu tego czasu, podczas d\u0142ugich rozm\u00f3w cz\u0119sto dzielimy si\u0119 ze sob\u0105 wieloma przemy\u015bleniami, historiami i w taki spos\u00f3b szybko stajemy si\u0119 sobie bliscy &#8211; Je\u015bli czyta to teraz kt\u00f3ry\u015b z moich gospodarzy pielgrzymkowych, to bardzo serdecznie pozdrawiam! do zobaczenia!.. &nbsp;\ud83d\ude42<\/p>\n\n\n\n<p>&nbsp;&nbsp;&nbsp;&nbsp;Oczywi\u015bcie nie zawsze s\u0105 takie warunki jak opisuj\u0119 wy\u017cej, zdarzaj\u0105 si\u0119 noclegi gdzie \u015bpi si\u0119 na pod\u0142odze i myje w umywalce a na kolacje je si\u0119 kromk\u0119 chleba z mas\u0142em. Ale takie noclegi bywaj\u0105 czasem bardziej wyj\u0105tkowe od tych wr\u0119cz z idealnymi warunkami. Ludzie przyjmuj\u0105 nas z otwartym sercem i dziel\u0105 si\u0119 tym czym maj\u0105, nawet je\u015bli maj\u0105 tego bardzo ma\u0142o. I to jest cudowne.. Czasem kto\u015b chce wzi\u0105\u0107 na nocleg 3 osoby a robi si\u0119 z tego 13 i wtedy te\u017c bywa ca\u0142kiem weso\u0142o. To jest w\u0142a\u015bnie to co kocham w pielgrzymce. Otwarci ludzie, ch\u0119\u0107 bycia dobrym i ofiarowania tego co si\u0119 ma. &nbsp;&nbsp;&nbsp;&nbsp;&nbsp;&nbsp;&nbsp;&nbsp;&nbsp;&nbsp;&nbsp;&nbsp;&nbsp;&nbsp;&nbsp;<\/p>\n\n\n\n<p>&nbsp;&nbsp;&nbsp;&nbsp;Ka\u017cdy moment pielgrzymki od rana do nocy ma w sobie co\u015b niepowtarzalnego. Ten klimat tworz\u0105 przede wszystkim ludzie, kt\u00f3rzy s\u0105 natchnieni Bo\u017c\u0105 mi\u0142o\u015bci\u0105 i chyba po prostu nie da si\u0119 tego nie odczu\u0107. Kto by\u0142 cho\u0107 raz na pielgrzymce doskonale wie o co mi chodzi a kto jeszcze nie by\u0142 powinien jak najszybciej ten b\u0142\u0105d naprawi\u0107 i poczu\u0107 na w\u0142asnej sk\u00f3rze jak to jest by\u0107 pielgrzymem.<\/p>\n\n\n\n<p>Do zobaczenia na szlaku!<\/p>\n\n\n\n<p><em>Karolina Nowicka<\/em><\/p>\n","protected":false},"excerpt":{"rendered":"<p>W tym dziale znajdziesz informacj\u0119 o noclegach na pielgrzymim szlaku&#8230;<\/p>\n","protected":false},"author":2,"featured_media":0,"comment_status":"open","ping_status":"open","sticky":false,"template":"","format":"standard","meta":{"ngg_post_thumbnail":0,"footnotes":""},"categories":[12],"tags":[],"class_list":["post-1590","post","type-post","status-publish","format-standard","hentry","category-abc-pielgrzyma"],"_links":{"self":[{"href":"https:\/\/szczecinska.com.pl\/index.php?rest_route=\/wp\/v2\/posts\/1590","targetHints":{"allow":["GET"]}}],"collection":[{"href":"https:\/\/szczecinska.com.pl\/index.php?rest_route=\/wp\/v2\/posts"}],"about":[{"href":"https:\/\/szczecinska.com.pl\/index.php?rest_route=\/wp\/v2\/types\/post"}],"author":[{"embeddable":true,"href":"https:\/\/szczecinska.com.pl\/index.php?rest_route=\/wp\/v2\/users\/2"}],"replies":[{"embeddable":true,"href":"https:\/\/szczecinska.com.pl\/index.php?rest_route=%2Fwp%2Fv2%2Fcomments&post=1590"}],"version-history":[{"count":2,"href":"https:\/\/szczecinska.com.pl\/index.php?rest_route=\/wp\/v2\/posts\/1590\/revisions"}],"predecessor-version":[{"id":1592,"href":"https:\/\/szczecinska.com.pl\/index.php?rest_route=\/wp\/v2\/posts\/1590\/revisions\/1592"}],"wp:attachment":[{"href":"https:\/\/szczecinska.com.pl\/index.php?rest_route=%2Fwp%2Fv2%2Fmedia&parent=1590"}],"wp:term":[{"taxonomy":"category","embeddable":true,"href":"https:\/\/szczecinska.com.pl\/index.php?rest_route=%2Fwp%2Fv2%2Fcategories&post=1590"},{"taxonomy":"post_tag","embeddable":true,"href":"https:\/\/szczecinska.com.pl\/index.php?rest_route=%2Fwp%2Fv2%2Ftags&post=1590"}],"curies":[{"name":"wp","href":"https:\/\/api.w.org\/{rel}","templated":true}]}}