{"id":1587,"date":"2023-06-13T00:20:39","date_gmt":"2023-06-12T22:20:39","guid":{"rendered":"https:\/\/szczecinska.com.pl\/?p=1587"},"modified":"2023-07-07T11:10:37","modified_gmt":"2023-07-07T09:10:37","slug":"bagaz-pielgrzyma","status":"publish","type":"post","link":"https:\/\/szczecinska.com.pl\/?p=1587","title":{"rendered":"Baga\u017c pielgrzyma"},"content":{"rendered":"\n<p>W tym dziale dowiesz si\u0119 co warto zabra\u0107 a co zostawi\u0107 w domu&#8230;<\/p>\n\n\n\n<!--more-->\n\n\n\n<p><strong>Zalecane do zabrania na pielgrzymk\u0119:<\/strong><\/p>\n\n\n\n<p>Wszystkie rzeczy najlepiej mie\u0107 spakowane do jednego plecaka. Nie warto mie\u0107 kilku pakunk\u00f3w, poniewa\u017c przy wydawaniu baga\u017cy niepotrzebnie mo\u017cemy czeka\u0107 na brakuj\u0105ce jego cz\u0119\u015bci. Je\u015bli zwi\u0105\u017cemy kilka pakunk\u00f3w, to mo\u017ce si\u0119 okaza\u0107, \u017ce i tak czekamy, a opr\u00f3cz tego trzeba b\u0119dzie zszywa\u0107 rozdarte cz\u0119\u015bci.<\/p>\n\n\n\n<p>&#8211; &nbsp;plecak nale\u017cy oznaczy\u0107 plakietk\u0105 grupy (do odebrania wraz z legitymacj\u0105 pielgrzyma), gdy\u017c pomy\u0142ka przy za\u0142adunku i rozladunku mo\u017ce by\u0107 dla Ciebie przykra, kiedy oka\u017ce si\u0119, \u017ce Tw\u00f3j baga\u017c jest w innej miejscowo\u015bci i b\u0119dziesz na niego czeka\u0107 godzin\u0119 a mo\u017ce i d\u0142u\u017cej,<\/p>\n\n\n\n<p>&#8211; &nbsp;pakuj wszystko do reklam\u00f3wek i work\u00f3w foliowych. Nie zawsze Tw\u00f3j baga\u017c uniknie wilgoci,<\/p>\n\n\n\n<p>&#8211; &nbsp;\u015bpiw\u00f3r &#8211; zawsze si\u0119 przyda na noclegu w szkole, czasem nawet w mieszkaniu,<\/p>\n\n\n\n<p>&#8211; &nbsp;karimata, nie jest niezb\u0119dna, jednak kiedy znajdziesz si\u0119 np w szkole na pewno Ci si\u0119 przyda,<\/p>\n\n\n\n<p>&#8211; &nbsp;od\u015bwi\u0119tne ubranie, na wej\u015bcie na Jasn\u0105 G\u00f3r\u0119 \ud83d\ude42<\/p>\n\n\n\n<p>&#8211; &nbsp;sweter lub polar na ch\u0142odniejsze dni,<\/p>\n\n\n\n<p>&#8211; &nbsp;kosmetyczka z zawarto\u015bci\u0105, czyli przybory toaletowe,<\/p>\n\n\n\n<p>&#8211; &nbsp;ubranie do spania,<\/p>\n\n\n\n<p>&#8211; &nbsp;wygodne, skromne, sportowe ubranie (bezwzgl\u0119dny zakaz noszenia szort\u00f3w, wydekoltowanych bluzek, odkrytych ramion, czy te\u017c zdejmowanie koszul)- ilo\u015b\u0107 odzie\u017cy zale\u017cna od naszego uznania, aczkolwiek na trasie gospodarze udzielaj\u0105 nam swojej pralki<\/p>\n\n\n\n<p>&#8211; &nbsp;wygodne rozchodzone buty- adidasy czy sanda\u0142y (co najmniej 2 pary)<\/p>\n\n\n\n<p>&#8211; &nbsp;opcjonalnie str\u00f3j k\u0105pielowy na noclegi zbiorowe<\/p>\n\n\n\n<p>&#8211; &nbsp;potrzebne lekarstwa, kt\u00f3re przyjmujesz na codziennie.<\/p>\n\n\n\n<p><strong>Zalecane do zabrania na tras\u0119:<\/strong><\/p>\n\n\n\n<p>Pierwsza zasada brzmi \u201ejak najmniej\u201d. Niestety poni\u017csza lista \u201enajpotrzebniejszych rzeczy\u201d pokazuje jak trudno jest to zrealizowa\u0107.<\/p>\n\n\n\n<p>&#8211; &nbsp;ma\u0142y plecak jest najwygodniejszy<\/p>\n\n\n\n<p>&#8211; &nbsp;nakrycie g\u0142owy- OBOWI\u0104ZKOWO!!!!!<\/p>\n\n\n\n<p>&#8211; &nbsp;r\u00f3\u017caniec i \u015bpiewnik &#8211; kt\u00f3ry dostaniesz przy zapisach<\/p>\n\n\n\n<p>&#8211; &nbsp;kubek, widelec, n\u00f3\u017c, \u0142y\u017cka- nieobowi\u0105zkowe ale czasem si\u0119 przydaj\u0105<\/p>\n\n\n\n<p>&#8211; &nbsp;woda\u2026 duuuuu\u017co wody<\/p>\n\n\n\n<p>&#8211; &nbsp;p\u0142aszcz &#8211; peleryna przeciwdeszczowa lub kurtka<\/p>\n\n\n\n<p>&#8211; &nbsp;dokumenty i niedu\u017c\u0105 ilo\u015b\u0107 pieni\u0119dzy na drobne wydatki- za grupami jedzie pielgrzymkowy sklepik, dzi\u0119ki kt\u00f3remu na postojach mo\u017cna zakupi\u0107 najpotrzebniejsze spo\u017cywcze produkty,<\/p>\n\n\n\n<p>&#8211; &nbsp;d\u0142ugopis i notes, bo nie zapami\u0119tasz stu adres\u00f3w nowych znajomych i gospodarzy<\/p>\n\n\n\n<p>&#8211; &nbsp;aparat fotograficzny, je\u015bli chce si\u0119 robi\u0107 pami\u0105tkowe zdj\u0119cia<\/p>\n\n\n\n<p>&#8211; &nbsp;okulary przeciws\u0142oneczne- mog\u0105 si\u0119 przyda\u0107<\/p>\n\n\n\n<p>&#8211; &nbsp;krem z filtrem UV<\/p>\n\n\n\n<p>&#8211; &nbsp;wielu pielgrzym\u00f3w zabiera karimat\u0119 lub koc aby m\u00f3c po\u0142o\u017cy\u0107 si\u0119 podczas postoju.<\/p>\n\n\n\n<figure class=\"wp-block-image\"><img decoding=\"async\" src=\"http:\/\/web.archive.org\/web\/20160808033140im_\/https:\/\/fbcdn-sphotos-b-a.akamaihd.net\/hphotos-ak-xpf1\/v\/t1.0-9\/10527369_688067237932625_1754514268846638535_n.png?oh=21ebbf944b40c06de70aae60bc2a986c&amp;oe=55B038B0&amp;__gda__=1437709018_d85982a18f2dcda251cbf8420733b766\" alt=\"\" title=\"\"\/><\/figure>\n\n\n\n<p><strong>Lista rzeczy, kt\u00f3rych na pielgrzymk\u0119 nie zabieramy\u2026chyba, \u017ce w ramach umartwienia\u2026&nbsp;<\/strong><\/p>\n\n\n\n<p>1. nawigacja GPS &#8211; nale\u017cy zaufa\u0107 Dyrektorowi Pielgrzymki i S\u0142u\u017cbie Porz\u0105dkowej &#8211; zawsze mog\u0105 poprowadzi\u0107 skr\u00f3tem, a kiedy to uczyni\u0105 nie b\u0119dziesz si\u0119 denerwowa\u0107, \u017ce zrobili\u015bcie 5 km wi\u0119cej :-). Porz\u0105dkowi s\u0105 bardziej niezawodni i nie b\u0119d\u0105 Ci\u0119 informowa\u0107 natr\u0119tnie co kilka minut, \u201d<em>\u017ce jeszcze tylko siedem dni prosto, a potem lekko w prawo\u201d,<\/em><\/p>\n\n\n\n<p><em><\/em>2. aparat do nurkowania \u2013 w misce z wod\u0105 si\u0119 nie przyda, a nurkowanie w stawach, jeziorach, rzekach i studniach, surowo wzbronione,<\/p>\n\n\n\n<p>3. \u017celazko i deska do prasowania &#8211; &nbsp;cokolwiek czystego i wyprasowanego za\u0142o\u017cysz na siebie rano, za godzin\u0119 i tak b\u0119dziesz wygl\u0105da\u0107, jakby\u015b nie przebiera\u0142 si\u0119 od trzech dni,<\/p>\n\n\n\n<p>4. kozaki, ko\u017cuch, czapka we\u0142niana, szalik i r\u0119kawiczki &#8211; chyba, \u017ce kto\u015b lubi gor\u0105ce klimaty<\/p>\n\n\n\n<p>5. kosmetyki do makija\u017cu \u2013 w upale, wszystko co z makija\u017cem zwi\u0105zane i tak oko\u0142o po\u0142udnia sp\u0142ynie po twarzy malowniczymi kolorami. Je\u015bli jednak kto\u015b lubi malarstwo Picassa, mo\u017ce spr\u00f3bowa\u0107\u2026<\/p>\n\n\n\n<p>6. parasolka \u2013 geneza tego zjawiska na pielgrzymce nie jest znana, ale zasadniczo parasolka na pielgrzymce to obciach<\/p>\n\n\n\n<p>7.&nbsp;laptop \u2013 kilka dni bez Facebook\u2019a, Naszej Klasy i innych internetowych \u201euzale\u017cniaczy\u201d bardzo dobrze ka\u017cdemu zrobi; zobaczysz, \u017ce mo\u017cna bez tego \u017cy\u0107!<\/p>\n\n\n\n<p>8. mp3, mp4 \u2013 muzyczni w grupie pi\u0119knie wyj\u0105, rozwa\u017cania i konferencje s\u0105 porywaj\u0105ce, a wieczorem, po kolacji i rozmowie z gospodarzami ok. 1:00 za\u015bniesz \u201ew locie na poduszk\u0119\u201d<\/p>\n\n\n\n<p>9. telewizor \u2013 jak wr\u00f3cisz i tak b\u0119dziesz si\u0119 orientowa\u0107 w swoim ulubionym serialu<\/p>\n\n\n\n<p>10.&nbsp; warcaby, krzy\u017c\u00f3wki \u2013 naprawd\u0119 my\u015blisz, \u017ce b\u0119dziesz si\u0119 a\u017c tak nudzi\u0107?<\/p>\n\n\n\n<p>11. suszarka, lok\u00f3wka i prostownica- je\u017celi prze\u017cyjesz nocleg zbiorowy u\u017cywaj\u0105c o 5 rano suszarki- b\u0119dzie szacun na dzielni!<\/p>\n\n\n\n<p><em>B\u00f3br Anonim \ud83d\ude42<\/em><\/p>\n","protected":false},"excerpt":{"rendered":"<p>W tym dziale dowiesz si\u0119 co warto zabra\u0107 a co zostawi\u0107 w domu&#8230;<\/p>\n","protected":false},"author":2,"featured_media":0,"comment_status":"open","ping_status":"open","sticky":false,"template":"","format":"standard","meta":{"ngg_post_thumbnail":0,"footnotes":""},"categories":[12],"tags":[],"class_list":["post-1587","post","type-post","status-publish","format-standard","hentry","category-abc-pielgrzyma"],"_links":{"self":[{"href":"https:\/\/szczecinska.com.pl\/index.php?rest_route=\/wp\/v2\/posts\/1587","targetHints":{"allow":["GET"]}}],"collection":[{"href":"https:\/\/szczecinska.com.pl\/index.php?rest_route=\/wp\/v2\/posts"}],"about":[{"href":"https:\/\/szczecinska.com.pl\/index.php?rest_route=\/wp\/v2\/types\/post"}],"author":[{"embeddable":true,"href":"https:\/\/szczecinska.com.pl\/index.php?rest_route=\/wp\/v2\/users\/2"}],"replies":[{"embeddable":true,"href":"https:\/\/szczecinska.com.pl\/index.php?rest_route=%2Fwp%2Fv2%2Fcomments&post=1587"}],"version-history":[{"count":2,"href":"https:\/\/szczecinska.com.pl\/index.php?rest_route=\/wp\/v2\/posts\/1587\/revisions"}],"predecessor-version":[{"id":1589,"href":"https:\/\/szczecinska.com.pl\/index.php?rest_route=\/wp\/v2\/posts\/1587\/revisions\/1589"}],"wp:attachment":[{"href":"https:\/\/szczecinska.com.pl\/index.php?rest_route=%2Fwp%2Fv2%2Fmedia&parent=1587"}],"wp:term":[{"taxonomy":"category","embeddable":true,"href":"https:\/\/szczecinska.com.pl\/index.php?rest_route=%2Fwp%2Fv2%2Fcategories&post=1587"},{"taxonomy":"post_tag","embeddable":true,"href":"https:\/\/szczecinska.com.pl\/index.php?rest_route=%2Fwp%2Fv2%2Ftags&post=1587"}],"curies":[{"name":"wp","href":"https:\/\/api.w.org\/{rel}","templated":true}]}}